{"id":460,"date":"2023-11-04T13:55:00","date_gmt":"2023-11-04T13:55:00","guid":{"rendered":"https:\/\/ajakuka.nl\/aandebrievenrubriek\/?p=460"},"modified":"2024-02-17T14:21:40","modified_gmt":"2024-02-17T14:21:40","slug":"volkskrant-commentaar-over-antisemitisme-verwijt","status":"publish","type":"post","link":"https:\/\/ajakuka.nl\/aandebrievenrubriek\/2023\/11\/04\/volkskrant-commentaar-over-antisemitisme-verwijt\/","title":{"rendered":"Volkskrant commentaar over antisemitisme-verwijt"},"content":{"rendered":"\n<div class=\"twitter-share\"><a href=\"https:\/\/twitter.com\/intent\/tweet?via=petervanlenth\" class=\"twitter-share-button\" data-size=\"large\">Tweeten<\/a><\/div>\n\n<p>De krant noemt in zijn commentaar (3 nov. 2023) antisemitisme verwerpelijk. Uiteraard, zou je denken. Waarom dat dan weer eens uitspreken, zou je denken. Nou, zo blijkt, omdat de krant ook wil uitspreken dat &#8216;kritiek op Isra\u00ebl niet gelijk staat aan Jodenhaat&#8217;. Maar dat weten we toch allang? Allang onderscheiden we zulke kritiek van antisemitisme. Toch vindt de krant het nodig om het maar w\u00e9\u00e9r eens te schrijven. En ik weet waarom: Omdat de krant vanuit Joodse hoek momenteel veel verwijten krijgt, met name het verwijt antisemitisme te bevorderen. Wat drijft die klagers? Wat zij vinden: Dat teveel artikelen een vertekend beeld ten nadele van Isra\u00ebl geven. Dat veel Isra\u00ebli\u00ebrs niet op hun bruine ogen geloofd worden, maar juist gewantrouwd worden. Dat de linkse Volkskrant het er moeilijk mee heeft om Netanyahu te steunen, ondanks dat die nu een kabinet van nationale eenheid leidt. Dat teveel journalisten van de krant voornamelijk de radicaallinkse versies van de geschiedenis hebben gelezen. Dat teveel journalisten van de krant d\u00e9nken dat ze veel weten van WO2, maar daarvoor eigenlijk te jong zijn en teveel van horen zeggen hebben. Wat verontrust die klagers? Dat antisemitisme ook hier t\u00f3ch weer wortel kan gaan schieten, zeker nu er hier bijna 1 miljoen moslims wonen. Wat willen die klagers? Dat de krant kritisch blijft, maar evengoed \u00e1ltijd goed let op hoe nieuws en opinie worden gebracht, namelijk met hart, \u00e9cht hart, voor het lot en het bestaansrecht van de Joden, hier \u00e9n in Isra\u00ebl dus.<\/p>\n\n\n\n<hr class=\"wp-block-separator has-alpha-channel-opacity\" \/>\n\n\n\n<p>Reactie: Wel voorbereid op publicatie, maar door ruimtegebrek toch niet kunnen publiceren.<\/p>\n\n<div class=\"twitter-share\"><a href=\"https:\/\/twitter.com\/intent\/tweet?via=petervanlenth\" class=\"twitter-share-button\" data-size=\"large\">Tweeten<\/a><\/div>\n","protected":false},"excerpt":{"rendered":"<p>De krant noemt in zijn commentaar (3 nov. 2023) antisemitisme verwerpelijk. Uiteraard, zou je denken. Waarom dat dan weer eens uitspreken, zou je denken. Nou, zo blijkt, omdat de krant ook wil uitspreken dat &#8216;kritiek op Isra\u00ebl niet gelijk staat aan Jodenhaat&#8217;. Maar dat weten we toch allang? Allang onderscheiden we zulke kritiek van antisemitisme. [&hellip;]<\/p>\n","protected":false},"author":8,"featured_media":0,"comment_status":"open","ping_status":"open","sticky":false,"template":"","format":"standard","meta":{"footnotes":""},"categories":[12,7],"tags":[],"class_list":["post-460","post","type-post","status-publish","format-standard","hentry","category-bijna-gepubliceerd","category-volkskrant-2"],"_links":{"self":[{"href":"https:\/\/ajakuka.nl\/aandebrievenrubriek\/wp-json\/wp\/v2\/posts\/460","targetHints":{"allow":["GET"]}}],"collection":[{"href":"https:\/\/ajakuka.nl\/aandebrievenrubriek\/wp-json\/wp\/v2\/posts"}],"about":[{"href":"https:\/\/ajakuka.nl\/aandebrievenrubriek\/wp-json\/wp\/v2\/types\/post"}],"author":[{"embeddable":true,"href":"https:\/\/ajakuka.nl\/aandebrievenrubriek\/wp-json\/wp\/v2\/users\/8"}],"replies":[{"embeddable":true,"href":"https:\/\/ajakuka.nl\/aandebrievenrubriek\/wp-json\/wp\/v2\/comments?post=460"}],"version-history":[{"count":3,"href":"https:\/\/ajakuka.nl\/aandebrievenrubriek\/wp-json\/wp\/v2\/posts\/460\/revisions"}],"predecessor-version":[{"id":477,"href":"https:\/\/ajakuka.nl\/aandebrievenrubriek\/wp-json\/wp\/v2\/posts\/460\/revisions\/477"}],"wp:attachment":[{"href":"https:\/\/ajakuka.nl\/aandebrievenrubriek\/wp-json\/wp\/v2\/media?parent=460"}],"wp:term":[{"taxonomy":"category","embeddable":true,"href":"https:\/\/ajakuka.nl\/aandebrievenrubriek\/wp-json\/wp\/v2\/categories?post=460"},{"taxonomy":"post_tag","embeddable":true,"href":"https:\/\/ajakuka.nl\/aandebrievenrubriek\/wp-json\/wp\/v2\/tags?post=460"}],"curies":[{"name":"wp","href":"https:\/\/api.w.org\/{rel}","templated":true}]}}