{"id":517,"date":"2024-06-21T08:37:36","date_gmt":"2024-06-21T08:37:36","guid":{"rendered":"https:\/\/ajakuka.nl\/aandebrievenrubriek\/?p=517"},"modified":"2024-06-21T08:37:37","modified_gmt":"2024-06-21T08:37:37","slug":"omvolking-versus-omvolken","status":"publish","type":"post","link":"https:\/\/ajakuka.nl\/aandebrievenrubriek\/2024\/06\/21\/omvolking-versus-omvolken\/","title":{"rendered":"Omvolking versus omvolken"},"content":{"rendered":"\n<div class=\"twitter-share\"><a href=\"https:\/\/twitter.com\/intent\/tweet?via=petervanlenth\" class=\"twitter-share-button\" data-size=\"large\">Tweeten<\/a><\/div>\n\n<p>Robert van de Griend maakt zich, namens de Volkskrant, zorgen over het normaliseren van de term &#8216;omvolking&#8217; (19 juni 2023, p. 6-7). Het zou gaan om &#8216;een theorie van witte racisten die stellen dat immigranten hun cultuur bedreigen&#8217; en dat dit komt door doelbewust beleid van een politieke elite, zeg maar door een complot. Die uitleg is echter gebaseerd op een flinke, gevaarlijke denkfout.<br><br>Bij de Nazi&#8217;s was &#8216;Umvolkung&#8217; geen complot. Het was gewoon staand beleid waar het regime openlijk voor uitkwam. Het werkwoord &#8216;omvolken&#8217; was zodoende van toepassing.<br><br>Wie nu spreekt van &#8216;omvolken&#8217; &#8211; of &#8216;omgevolkt worden&#8217; &#8211; gelooft dat er bewust wordt gehandeld en dat dit, bij gebrek aan openlijke verklaringen, duidt op een complot. <br>Wie all\u00e9\u00e9n spreekt over &#8216;omvolking&#8217; gelooft dat er een proces gaande is dat re\u00ebel de demografische samenstelling verandert, maar niet dat er een bewuste strategie plaatsvindt, laat staan een complot.<br><br>Tenslotte is van belang of iemand v\u00f3\u00f3r of t\u00e9gen omvolking is. De Nazi&#8217;s waren v\u00f3\u00f3r. Hedendaags wordt het woord alleen gebruikt door hen die er sterk t\u00e9gen zijn. Een wezenlijk verschil. Hen over een kam scheren met de Nazi&#8217;s is een enorme, zelfs zeer schadelijke denkfout.<\/p>\n\n\n\n<hr class=\"wp-block-separator has-alpha-channel-opacity\" \/>\n\n\n\n<p><em>Bovenstaande werd dus niet geplaatst. Onderstaande, van ene Otto Nuys, w\u00e9l. Tsja&#8230;<\/em><\/p>\n\n\n\n<figure class=\"wp-block-image size-large\"><img fetchpriority=\"high\" decoding=\"async\" width=\"589\" height=\"1024\" src=\"https:\/\/ajakuka.nl\/aandebrievenrubriek\/wp-content\/uploads\/sites\/4\/2024\/06\/Screenshot_20240621-103207-589x1024.png\" alt=\"\" class=\"wp-image-519\" srcset=\"https:\/\/ajakuka.nl\/aandebrievenrubriek\/wp-content\/uploads\/sites\/4\/2024\/06\/Screenshot_20240621-103207-589x1024.png 589w, https:\/\/ajakuka.nl\/aandebrievenrubriek\/wp-content\/uploads\/sites\/4\/2024\/06\/Screenshot_20240621-103207-173x300.png 173w, https:\/\/ajakuka.nl\/aandebrievenrubriek\/wp-content\/uploads\/sites\/4\/2024\/06\/Screenshot_20240621-103207-768x1335.png 768w, https:\/\/ajakuka.nl\/aandebrievenrubriek\/wp-content\/uploads\/sites\/4\/2024\/06\/Screenshot_20240621-103207.png 864w\" sizes=\"(max-width: 589px) 100vw, 589px\" \/><\/figure>\n\n<div class=\"twitter-share\"><a href=\"https:\/\/twitter.com\/intent\/tweet?via=petervanlenth\" class=\"twitter-share-button\" data-size=\"large\">Tweeten<\/a><\/div>\n","protected":false},"excerpt":{"rendered":"<p>Robert van de Griend maakt zich, namens de Volkskrant, zorgen over het normaliseren van de term &#8216;omvolking&#8217; (19 juni 2023, p. 6-7). Het zou gaan om &#8216;een theorie van witte racisten die stellen dat immigranten hun cultuur bedreigen&#8217; en dat dit komt door doelbewust beleid van een politieke elite, zeg maar door een complot. Die [&hellip;]<\/p>\n","protected":false},"author":8,"featured_media":0,"comment_status":"open","ping_status":"open","sticky":false,"template":"","format":"standard","meta":{"footnotes":""},"categories":[4,7],"tags":[22,21],"class_list":["post-517","post","type-post","status-publish","format-standard","hentry","category-afgewezen","category-volkskrant-2","tag-omvolken","tag-omvolking"],"_links":{"self":[{"href":"https:\/\/ajakuka.nl\/aandebrievenrubriek\/wp-json\/wp\/v2\/posts\/517","targetHints":{"allow":["GET"]}}],"collection":[{"href":"https:\/\/ajakuka.nl\/aandebrievenrubriek\/wp-json\/wp\/v2\/posts"}],"about":[{"href":"https:\/\/ajakuka.nl\/aandebrievenrubriek\/wp-json\/wp\/v2\/types\/post"}],"author":[{"embeddable":true,"href":"https:\/\/ajakuka.nl\/aandebrievenrubriek\/wp-json\/wp\/v2\/users\/8"}],"replies":[{"embeddable":true,"href":"https:\/\/ajakuka.nl\/aandebrievenrubriek\/wp-json\/wp\/v2\/comments?post=517"}],"version-history":[{"count":1,"href":"https:\/\/ajakuka.nl\/aandebrievenrubriek\/wp-json\/wp\/v2\/posts\/517\/revisions"}],"predecessor-version":[{"id":520,"href":"https:\/\/ajakuka.nl\/aandebrievenrubriek\/wp-json\/wp\/v2\/posts\/517\/revisions\/520"}],"wp:attachment":[{"href":"https:\/\/ajakuka.nl\/aandebrievenrubriek\/wp-json\/wp\/v2\/media?parent=517"}],"wp:term":[{"taxonomy":"category","embeddable":true,"href":"https:\/\/ajakuka.nl\/aandebrievenrubriek\/wp-json\/wp\/v2\/categories?post=517"},{"taxonomy":"post_tag","embeddable":true,"href":"https:\/\/ajakuka.nl\/aandebrievenrubriek\/wp-json\/wp\/v2\/tags?post=517"}],"curies":[{"name":"wp","href":"https:\/\/api.w.org\/{rel}","templated":true}]}}